{"id":19,"date":"2025-07-02T12:33:45","date_gmt":"2025-07-02T12:33:45","guid":{"rendered":"http:\/\/avernette.org\/?p=19"},"modified":"2026-03-20T08:51:44","modified_gmt":"2026-03-20T08:51:44","slug":"actualites","status":"publish","type":"post","link":"http:\/\/avernette.org\/index.php\/2025\/07\/02\/actualites\/","title":{"rendered":"Actualit\u00e9s"},"content":{"rendered":"\n<p><\/p>\n\n\n\n<p>14 mars 2026<\/p>\n\n\n\n<p>Un groupe de l&rsquo;Avernette a visit\u00e9 Voisin&rsquo;Ages.<br>1\u00e8re ou 2\u00e8me visite pour les membres de notre groupe.<br>Nous avons \u00e9t\u00e9 tr\u00e8s bien accueillis et nos nombreuses questions ont trouv\u00e9es des r\u00e9ponses.<\/p>\n\n\n\n<p><img loading=\"lazy\" decoding=\"async\" width=\"150\" height=\"113\" class=\"wp-image-473\" style=\"width: 150px;\" src=\"http:\/\/avernette.org\/wp-content\/uploads\/2026\/03\/PXL_20260314_130054102-scaled.jpg\" alt=\"\" srcset=\"http:\/\/avernette.org\/wp-content\/uploads\/2026\/03\/PXL_20260314_130054102-scaled.jpg 2560w, http:\/\/avernette.org\/wp-content\/uploads\/2026\/03\/PXL_20260314_130054102-300x225.jpg 300w, http:\/\/avernette.org\/wp-content\/uploads\/2026\/03\/PXL_20260314_130054102-1024x768.jpg 1024w, http:\/\/avernette.org\/wp-content\/uploads\/2026\/03\/PXL_20260314_130054102-768x576.jpg 768w, http:\/\/avernette.org\/wp-content\/uploads\/2026\/03\/PXL_20260314_130054102-1536x1152.jpg 1536w, http:\/\/avernette.org\/wp-content\/uploads\/2026\/03\/PXL_20260314_130054102-2048x1536.jpg 2048w\" sizes=\"auto, (max-width: 150px) 100vw, 150px\" \/>   <img loading=\"lazy\" decoding=\"async\" width=\"150\" height=\"113\" class=\"wp-image-475\" style=\"width: 150px;\" src=\"http:\/\/avernette.org\/wp-content\/uploads\/2026\/03\/PXL_20260314_152524400-scaled.jpg\" alt=\"\" srcset=\"http:\/\/avernette.org\/wp-content\/uploads\/2026\/03\/PXL_20260314_152524400-scaled.jpg 2560w, http:\/\/avernette.org\/wp-content\/uploads\/2026\/03\/PXL_20260314_152524400-300x225.jpg 300w, http:\/\/avernette.org\/wp-content\/uploads\/2026\/03\/PXL_20260314_152524400-1024x768.jpg 1024w, http:\/\/avernette.org\/wp-content\/uploads\/2026\/03\/PXL_20260314_152524400-768x576.jpg 768w, http:\/\/avernette.org\/wp-content\/uploads\/2026\/03\/PXL_20260314_152524400-1536x1152.jpg 1536w, http:\/\/avernette.org\/wp-content\/uploads\/2026\/03\/PXL_20260314_152524400-2048x1536.jpg 2048w\" sizes=\"auto, (max-width: 150px) 100vw, 150px\" \/>   <img loading=\"lazy\" decoding=\"async\" width=\"150\" height=\"113\" class=\"wp-image-474\" style=\"width: 150px;\" src=\"http:\/\/avernette.org\/wp-content\/uploads\/2026\/03\/PXL_20260314_130917918-scaled.jpg\" alt=\"\" srcset=\"http:\/\/avernette.org\/wp-content\/uploads\/2026\/03\/PXL_20260314_130917918-scaled.jpg 2560w, http:\/\/avernette.org\/wp-content\/uploads\/2026\/03\/PXL_20260314_130917918-300x225.jpg 300w, http:\/\/avernette.org\/wp-content\/uploads\/2026\/03\/PXL_20260314_130917918-1024x768.jpg 1024w, http:\/\/avernette.org\/wp-content\/uploads\/2026\/03\/PXL_20260314_130917918-768x576.jpg 768w, http:\/\/avernette.org\/wp-content\/uploads\/2026\/03\/PXL_20260314_130917918-1536x1152.jpg 1536w, http:\/\/avernette.org\/wp-content\/uploads\/2026\/03\/PXL_20260314_130917918-2048x1536.jpg 2048w\" sizes=\"auto, (max-width: 150px) 100vw, 150px\" \/><\/p>\n\n\n\n<p><\/p>\n\n\n\n<p><\/p>\n\n\n\n<p>2 f\u00e9vrier 2026 :<\/p>\n\n\n\n<p>\u00ab\u00a0Nous sommes 11 foyers et le projet est \u00e9tabli pour 12. Nous avons donc un logement vacant, T4 ou T5 pour une jeune famille avec enfants. Le cercle Accueil pourra vous en dire plus en contactant Marie au 07 81 82 35 62 ou par mail \u00e0 avernette@zaclys.net \u00ab\u00a0<\/p>\n\n\n\n<figure class=\"wp-block-image size-large\"><img loading=\"lazy\" decoding=\"async\" width=\"1024\" height=\"968\" src=\"http:\/\/avernette.org\/wp-content\/uploads\/2026\/02\/20260202-annonce-1024x968.jpg\" alt=\"\" class=\"wp-image-451\" srcset=\"http:\/\/avernette.org\/wp-content\/uploads\/2026\/02\/20260202-annonce-1024x968.jpg 1024w, http:\/\/avernette.org\/wp-content\/uploads\/2026\/02\/20260202-annonce-300x284.jpg 300w, http:\/\/avernette.org\/wp-content\/uploads\/2026\/02\/20260202-annonce-768x726.jpg 768w, http:\/\/avernette.org\/wp-content\/uploads\/2026\/02\/20260202-annonce.jpg 1496w\" sizes=\"auto, (max-width: 767px) 89vw, (max-width: 1000px) 54vw, (max-width: 1071px) 543px, 580px\" \/><\/figure>\n\n\n\n<h2 class=\"wp-block-heading\">14 septembre 2025  &#8211; L&rsquo;Avernette sur son terrain<\/h2>\n\n\n\n<figure class=\"wp-block-image size-large is-resized\"><img loading=\"lazy\" decoding=\"async\" width=\"1024\" height=\"576\" src=\"http:\/\/avernette.org\/wp-content\/uploads\/2025\/07\/20250914_101738-3-1024x576.jpg\" alt=\"\" class=\"wp-image-390\" style=\"width:494px;height:auto\" srcset=\"http:\/\/avernette.org\/wp-content\/uploads\/2025\/07\/20250914_101738-3-1024x576.jpg 1024w, http:\/\/avernette.org\/wp-content\/uploads\/2025\/07\/20250914_101738-3-300x169.jpg 300w, http:\/\/avernette.org\/wp-content\/uploads\/2025\/07\/20250914_101738-3-768x432.jpg 768w, http:\/\/avernette.org\/wp-content\/uploads\/2025\/07\/20250914_101738-3-1536x864.jpg 1536w, http:\/\/avernette.org\/wp-content\/uploads\/2025\/07\/20250914_101738-3-2048x1153.jpg 2048w\" sizes=\"auto, (max-width: 767px) 89vw, (max-width: 1000px) 54vw, (max-width: 1071px) 543px, 580px\" \/><\/figure>\n\n\n\n<figure class=\"wp-block-image size-large is-resized\"><img loading=\"lazy\" decoding=\"async\" width=\"1024\" height=\"576\" src=\"http:\/\/avernette.org\/wp-content\/uploads\/2025\/07\/20250914_105736-3-1024x576.jpg\" alt=\"\" class=\"wp-image-401\" style=\"width:499px;height:auto\" srcset=\"http:\/\/avernette.org\/wp-content\/uploads\/2025\/07\/20250914_105736-3-1024x576.jpg 1024w, http:\/\/avernette.org\/wp-content\/uploads\/2025\/07\/20250914_105736-3-300x169.jpg 300w, http:\/\/avernette.org\/wp-content\/uploads\/2025\/07\/20250914_105736-3-768x432.jpg 768w, http:\/\/avernette.org\/wp-content\/uploads\/2025\/07\/20250914_105736-3-1536x864.jpg 1536w, http:\/\/avernette.org\/wp-content\/uploads\/2025\/07\/20250914_105736-3-2048x1153.jpg 2048w\" sizes=\"auto, (max-width: 767px) 89vw, (max-width: 1000px) 54vw, (max-width: 1071px) 543px, 580px\" \/><\/figure>\n\n\n\n<figure class=\"wp-block-image size-large is-resized\"><img loading=\"lazy\" decoding=\"async\" width=\"576\" height=\"1024\" src=\"http:\/\/avernette.org\/wp-content\/uploads\/2025\/07\/20250914_102123-2-576x1024.jpg\" alt=\"\" class=\"wp-image-393\" style=\"width:245px;height:auto\" srcset=\"http:\/\/avernette.org\/wp-content\/uploads\/2025\/07\/20250914_102123-2-576x1024.jpg 576w, http:\/\/avernette.org\/wp-content\/uploads\/2025\/07\/20250914_102123-2-169x300.jpg 169w, http:\/\/avernette.org\/wp-content\/uploads\/2025\/07\/20250914_102123-2-768x1365.jpg 768w, http:\/\/avernette.org\/wp-content\/uploads\/2025\/07\/20250914_102123-2-864x1536.jpg 864w, http:\/\/avernette.org\/wp-content\/uploads\/2025\/07\/20250914_102123-2-1153x2048.jpg 1153w, http:\/\/avernette.org\/wp-content\/uploads\/2025\/07\/20250914_102123-2-scaled.jpg 1441w\" sizes=\"auto, (max-width: 576px) 100vw, 576px\" \/><\/figure>\n\n\n\n<figure class=\"wp-block-image size-large\"><img loading=\"lazy\" decoding=\"async\" width=\"1024\" height=\"576\" src=\"http:\/\/avernette.org\/wp-content\/uploads\/2025\/07\/20250914_111812-2-1024x576.jpg\" alt=\"\" class=\"wp-image-400\" srcset=\"http:\/\/avernette.org\/wp-content\/uploads\/2025\/07\/20250914_111812-2-1024x576.jpg 1024w, http:\/\/avernette.org\/wp-content\/uploads\/2025\/07\/20250914_111812-2-300x169.jpg 300w, http:\/\/avernette.org\/wp-content\/uploads\/2025\/07\/20250914_111812-2-768x432.jpg 768w, http:\/\/avernette.org\/wp-content\/uploads\/2025\/07\/20250914_111812-2-1536x864.jpg 1536w, http:\/\/avernette.org\/wp-content\/uploads\/2025\/07\/20250914_111812-2-2048x1153.jpg 2048w\" sizes=\"auto, (max-width: 767px) 89vw, (max-width: 1000px) 54vw, (max-width: 1071px) 543px, 580px\" \/><\/figure>\n\n\n\n<div class=\"wp-block-columns is-layout-flex wp-container-core-columns-is-layout-9d6595d7 wp-block-columns-is-layout-flex\">\n<div class=\"wp-block-column is-layout-flow wp-block-column-is-layout-flow\">\n<figure class=\"wp-block-image size-large\"><img loading=\"lazy\" decoding=\"async\" width=\"1024\" height=\"576\" src=\"http:\/\/avernette.org\/wp-content\/uploads\/2025\/07\/20250914_152808-2-1024x576.jpg\" alt=\"\" class=\"wp-image-402\" srcset=\"http:\/\/avernette.org\/wp-content\/uploads\/2025\/07\/20250914_152808-2-1024x576.jpg 1024w, http:\/\/avernette.org\/wp-content\/uploads\/2025\/07\/20250914_152808-2-300x169.jpg 300w, http:\/\/avernette.org\/wp-content\/uploads\/2025\/07\/20250914_152808-2-768x432.jpg 768w, http:\/\/avernette.org\/wp-content\/uploads\/2025\/07\/20250914_152808-2-1536x864.jpg 1536w, http:\/\/avernette.org\/wp-content\/uploads\/2025\/07\/20250914_152808-2-2048x1152.jpg 2048w\" sizes=\"auto, (max-width: 767px) 89vw, (max-width: 1000px) 54vw, (max-width: 1071px) 543px, 580px\" \/><\/figure>\n<\/div>\n\n\n\n<div class=\"wp-block-column is-layout-flow wp-block-column-is-layout-flow\">\n<figure class=\"wp-block-image size-large\"><img loading=\"lazy\" decoding=\"async\" width=\"1024\" height=\"576\" src=\"http:\/\/avernette.org\/wp-content\/uploads\/2025\/07\/20250914_112918-2-1024x576.jpg\" alt=\"\" class=\"wp-image-404\" srcset=\"http:\/\/avernette.org\/wp-content\/uploads\/2025\/07\/20250914_112918-2-1024x576.jpg 1024w, http:\/\/avernette.org\/wp-content\/uploads\/2025\/07\/20250914_112918-2-300x169.jpg 300w, http:\/\/avernette.org\/wp-content\/uploads\/2025\/07\/20250914_112918-2-768x432.jpg 768w, http:\/\/avernette.org\/wp-content\/uploads\/2025\/07\/20250914_112918-2-1536x864.jpg 1536w, http:\/\/avernette.org\/wp-content\/uploads\/2025\/07\/20250914_112918-2-2048x1153.jpg 2048w\" sizes=\"auto, (max-width: 767px) 89vw, (max-width: 1000px) 54vw, (max-width: 1071px) 543px, 580px\" \/><\/figure>\n<\/div>\n<\/div>\n\n\n\n<figure class=\"wp-block-image size-large is-resized\"><img loading=\"lazy\" decoding=\"async\" width=\"1024\" height=\"576\" src=\"http:\/\/avernette.org\/wp-content\/uploads\/2025\/07\/20250914_111821-2-1024x576.jpg\" alt=\"\" class=\"wp-image-405\" style=\"width:494px;height:auto\" srcset=\"http:\/\/avernette.org\/wp-content\/uploads\/2025\/07\/20250914_111821-2-1024x576.jpg 1024w, http:\/\/avernette.org\/wp-content\/uploads\/2025\/07\/20250914_111821-2-300x169.jpg 300w, http:\/\/avernette.org\/wp-content\/uploads\/2025\/07\/20250914_111821-2-768x432.jpg 768w, http:\/\/avernette.org\/wp-content\/uploads\/2025\/07\/20250914_111821-2-1536x864.jpg 1536w, http:\/\/avernette.org\/wp-content\/uploads\/2025\/07\/20250914_111821-2-2048x1153.jpg 2048w\" sizes=\"auto, (max-width: 767px) 89vw, (max-width: 1000px) 54vw, (max-width: 1071px) 543px, 580px\" \/><\/figure>\n\n\n\n<p>Ce dimanche, les membres de la coop\u00e9rative d\u2019habitants L\u2019Avernette invitaient le public \u00e0 discuter sur place de leur projet \u00ab&nbsp;Vivre ensemble, chacun chez soi&nbsp;\u00bb.&nbsp; Depuis deux ans ce collectif travaille avec les \u00e9lu.e.s gemmois, ALTER et l\u2019op\u00e9rateur immobilier public Angers&nbsp; Loire Habitat \u00e0 l\u2019implantation d\u2019un habitat participatif dans la deuxi\u00e8me phase de l\u2019am\u00e9nagement de l\u2019&nbsp;\u00e9co-quartier de la Jolivetterie. Pour bien se repr\u00e9senter le projet,&nbsp; une mat\u00e9rialisation de la parcelle pr\u00e9vue est trac\u00e9e \u00e0 la rubalise entre les bornes provisoires. Un stand&nbsp; de toile est mont\u00e9 pour accueillir les visiteurs autour de&nbsp; la&nbsp; maquette&nbsp; repr\u00e9sentant le d\u00e9coupage&nbsp; \u00e0 venir de tous les lots de l\u2019op\u00e9ration.&nbsp;<\/p>\n\n\n\n<p>Et les discussions peuvent commencer&nbsp;: Marie Jo M\u00e9tivier, pr\u00e9sidente de l\u2019Association Avernette&nbsp; explique&nbsp;:<\/p>\n\n\n\n<ul class=\"wp-block-list\">\n<li>\u00ab&nbsp;<em>La coop\u00e9rative d\u2019habitant&nbsp; c&rsquo;est le statut qui nous a sembl\u00e9 le plus adapt\u00e9. Celui qui permet le plus de solidarit\u00e9 entre les habitants, qui \u00e9vite &nbsp;la sp\u00e9culation immobili\u00e8re, et qui offre le plus de garanties pour la p\u00e9rennit\u00e9 du projet puisque c\u2019est la coop\u00e9rative qui est propri\u00e9taire des logements\u2026 Les habitant.e.s sont impliqu\u00e9.e.s directement dans la gestion de la coop\u00e9rative &nbsp;dont ils\u00b7elles d\u00e9tiennent des parts sociales. Ils en sont aussi les b\u00e9n\u00e9ficiaires en occupant leurs logements et payent chaque mois une redevance, dont une fraction peut leur permettre d\u2019acqu\u00e9rir de nouvelles parts<\/em>.&nbsp;\u00bb<\/li>\n<\/ul>\n\n\n\n<p>Une dame&nbsp; se &nbsp;prom\u00e8ne en direction du Moulin Carr\u00e9 tout proche&nbsp; et observe la haie luxuriante d\u2019o\u00f9 \u00e9merge un magnifique eucalyptus&nbsp;:<\/p>\n\n\n\n<ul class=\"wp-block-list\">\n<li><em>-\u00ab&nbsp;Je suis venue visiter le lieu o\u00f9 vont s\u2019installer ma fille et son mari. Elle me dit qu\u2019ici ce sera le jardin partag\u00e9. Ils seront bien ici, il y a de la verdure, et des fruitiers&nbsp;!&nbsp;\u00bb.<\/em><\/li>\n<\/ul>\n\n\n\n<p>Sa fille Marie Savarit, revient de faire le tour de la parcelle avec Manon et ses deux jeunes enfants&nbsp;:&nbsp;<\/p>\n\n\n\n<ul class=\"wp-block-list\">\n<li><em>-\u00ab&nbsp;Aujourd\u2019hui, c\u2019est un moment&nbsp; important de notre \u00ab&nbsp;Aventure*&nbsp;\u00bb. Depuis un an le groupe s\u2019est bien \u00e9toff\u00e9, il ne nous reste que 2 ou 3 jeunes familles \u00e0 accueillir et on sera au complet. Mais c\u2019est aussi commencer \u00e0 cr\u00e9er des liens avec les gens du quartier. D\u00e9j\u00e0 ce midi , 4 futures voisins sont passer nous voir&nbsp;! C\u2019est super parce qu\u2019on souhaite vraiment que notre habitat soit ouvert sur le quartier et sur Ste Gemmes. Vivre en habitat participatif ce n\u2019est surtout pas l\u2019entre-soi&nbsp;!&nbsp;\u00bb<\/em><\/li>\n<\/ul>\n\n\n\n<p>13h30, c\u2019est l\u2019heure du repas, \u00e7a bruine un peu, on met la maquette \u00e0 l\u2019abri et le groupe s\u2019installe autour du pique-nique partag\u00e9.<\/p>\n\n\n\n<p>Michel Thomazeau un des fondateurs de l\u2019Avenette lance avec \u00e9motion :<\/p>\n\n\n\n<ul class=\"wp-block-list\">\n<li><em>\u00ab&nbsp;C\u2019est notre premier repas collectif sur le site, qu\u2019on d\u00e9couvre aujourd\u2019hui dans ses vraies dimensions\u2026&nbsp; C\u2019est important de passer du temps ici ensemble, on s\u2019impr\u00e8gne du lieu, on rit ensemble, \u00e7a nous donne de l\u2019\u00e9lan pour la suite&nbsp;!\u00bb<\/em><\/li>\n<\/ul>\n\n\n\n<h2 class=\"wp-block-heading\"><strong>Septembre 2025<\/strong> : Venez nous rencontrer sur le terrain, \u00e0 l&rsquo;occasion des Journ\u00e9es Portes Ouvertes de l&rsquo;Habitat Participatif<\/h2>\n\n\n\n<figure class=\"wp-block-image size-large\"><img loading=\"lazy\" decoding=\"async\" width=\"1024\" height=\"724\" src=\"http:\/\/avernette.org\/wp-content\/uploads\/2025\/07\/Parcelle-Ouverte-14-sept-2025-Avernette-1024x724.png\" alt=\"\" class=\"wp-image-345\" srcset=\"http:\/\/avernette.org\/wp-content\/uploads\/2025\/07\/Parcelle-Ouverte-14-sept-2025-Avernette-1024x724.png 1024w, http:\/\/avernette.org\/wp-content\/uploads\/2025\/07\/Parcelle-Ouverte-14-sept-2025-Avernette-300x212.png 300w, http:\/\/avernette.org\/wp-content\/uploads\/2025\/07\/Parcelle-Ouverte-14-sept-2025-Avernette-768x543.png 768w, http:\/\/avernette.org\/wp-content\/uploads\/2025\/07\/Parcelle-Ouverte-14-sept-2025-Avernette-1536x1086.png 1536w, http:\/\/avernette.org\/wp-content\/uploads\/2025\/07\/Parcelle-Ouverte-14-sept-2025-Avernette.png 2000w\" sizes=\"auto, (max-width: 767px) 89vw, (max-width: 1000px) 54vw, (max-width: 1071px) 543px, 580px\" \/><\/figure>\n\n\n\n<blockquote class=\"wp-block-quote is-layout-flow wp-block-quote-is-layout-flow\">\n<p><strong>Aout 2025<\/strong> Avant de b\u00e2tir notre logement, nous construisons nos outils de communication.<\/p>\n\n\n\n<figure class=\"wp-block-image size-large\"><img loading=\"lazy\" decoding=\"async\" width=\"1024\" height=\"724\" src=\"http:\/\/avernette.org\/wp-content\/uploads\/2025\/07\/outils-de-com-aout-2025-1024x724.jpg\" alt=\"\" class=\"wp-image-341\" srcset=\"http:\/\/avernette.org\/wp-content\/uploads\/2025\/07\/outils-de-com-aout-2025-1024x724.jpg 1024w, http:\/\/avernette.org\/wp-content\/uploads\/2025\/07\/outils-de-com-aout-2025-300x212.jpg 300w, http:\/\/avernette.org\/wp-content\/uploads\/2025\/07\/outils-de-com-aout-2025-768x543.jpg 768w, http:\/\/avernette.org\/wp-content\/uploads\/2025\/07\/outils-de-com-aout-2025-1536x1086.jpg 1536w, http:\/\/avernette.org\/wp-content\/uploads\/2025\/07\/outils-de-com-aout-2025.jpg 2000w\" sizes=\"auto, (max-width: 767px) 89vw, (max-width: 1000px) 54vw, (max-width: 1071px) 543px, 580px\" \/><\/figure>\n<\/blockquote>\n\n\n\n<h2 class=\"wp-block-heading\"><strong>Juillet 2025 : l&rsquo;Avernette est laur\u00e9at de l&rsquo;AMI et a re\u00e7u le label \u00ab\u00a0Habiter les vieillesses autrement\u00a0\u00bb et un soutien financier.<\/strong><\/h2>\n\n\n\n<figure class=\"wp-block-image size-full\"><img loading=\"lazy\" decoding=\"async\" width=\"736\" height=\"838\" src=\"http:\/\/avernette.org\/wp-content\/uploads\/2025\/07\/20250729-HPF.png\" alt=\"\" class=\"wp-image-301\" srcset=\"http:\/\/avernette.org\/wp-content\/uploads\/2025\/07\/20250729-HPF.png 736w, http:\/\/avernette.org\/wp-content\/uploads\/2025\/07\/20250729-HPF-263x300.png 263w\" sizes=\"auto, (max-width: 736px) 100vw, 736px\" \/><\/figure>\n\n\n\n<p><\/p>\n\n\n\n<figure class=\"wp-block-image size-full\"><img loading=\"lazy\" decoding=\"async\" width=\"39\" height=\"39\" src=\"http:\/\/avernette.org\/wp-content\/uploads\/2025\/07\/logo-Facebook-1.png\" alt=\"\" class=\"wp-image-49\"\/><\/figure>\n\n\n\n<figure class=\"wp-block-image size-full\"><img loading=\"lazy\" decoding=\"async\" width=\"673\" height=\"212\" src=\"http:\/\/avernette.org\/wp-content\/uploads\/2026\/01\/103-followers.png\" alt=\"\" class=\"wp-image-423\" srcset=\"http:\/\/avernette.org\/wp-content\/uploads\/2026\/01\/103-followers.png 673w, http:\/\/avernette.org\/wp-content\/uploads\/2026\/01\/103-followers-300x95.png 300w\" sizes=\"auto, (max-width: 673px) 100vw, 673px\" \/><\/figure>\n\n\n\n<p><\/p>\n\n\n\n<p><\/p>\n","protected":false},"excerpt":{"rendered":"<p>14 mars 2026 Un groupe de l&rsquo;Avernette a visit\u00e9 Voisin&rsquo;Ages.1\u00e8re ou 2\u00e8me visite pour les membres de notre groupe.Nous avons \u00e9t\u00e9 tr\u00e8s bien accueillis et nos nombreuses questions ont trouv\u00e9es des r\u00e9ponses. 2 f\u00e9vrier 2026 : \u00ab\u00a0Nous sommes 11 foyers et le projet est \u00e9tabli pour 12. Nous avons donc un logement vacant, T4 ou &hellip; <\/p>\n<p class=\"link-more\"><a href=\"http:\/\/avernette.org\/index.php\/2025\/07\/02\/actualites\/\" class=\"more-link\">Continuer la lecture<span class=\"screen-reader-text\"> de &laquo;&nbsp;Actualit\u00e9s&nbsp;&raquo;<\/span><\/a><\/p>\n","protected":false},"author":1,"featured_media":0,"comment_status":"closed","ping_status":"closed","sticky":false,"template":"","format":"standard","meta":{"footnotes":""},"categories":[9],"tags":[],"class_list":["post-19","post","type-post","status-publish","format-standard","hentry","category-actualites"],"_links":{"self":[{"href":"http:\/\/avernette.org\/index.php\/wp-json\/wp\/v2\/posts\/19","targetHints":{"allow":["GET"]}}],"collection":[{"href":"http:\/\/avernette.org\/index.php\/wp-json\/wp\/v2\/posts"}],"about":[{"href":"http:\/\/avernette.org\/index.php\/wp-json\/wp\/v2\/types\/post"}],"author":[{"embeddable":true,"href":"http:\/\/avernette.org\/index.php\/wp-json\/wp\/v2\/users\/1"}],"replies":[{"embeddable":true,"href":"http:\/\/avernette.org\/index.php\/wp-json\/wp\/v2\/comments?post=19"}],"version-history":[{"count":18,"href":"http:\/\/avernette.org\/index.php\/wp-json\/wp\/v2\/posts\/19\/revisions"}],"predecessor-version":[{"id":477,"href":"http:\/\/avernette.org\/index.php\/wp-json\/wp\/v2\/posts\/19\/revisions\/477"}],"wp:attachment":[{"href":"http:\/\/avernette.org\/index.php\/wp-json\/wp\/v2\/media?parent=19"}],"wp:term":[{"taxonomy":"category","embeddable":true,"href":"http:\/\/avernette.org\/index.php\/wp-json\/wp\/v2\/categories?post=19"},{"taxonomy":"post_tag","embeddable":true,"href":"http:\/\/avernette.org\/index.php\/wp-json\/wp\/v2\/tags?post=19"}],"curies":[{"name":"wp","href":"https:\/\/api.w.org\/{rel}","templated":true}]}}