{"id":21,"date":"2025-07-02T12:34:23","date_gmt":"2025-07-02T12:34:23","guid":{"rendered":"http:\/\/avernette.org\/?p=21"},"modified":"2026-02-10T21:21:33","modified_gmt":"2026-02-10T21:21:33","slug":"devenir-eco-habitant","status":"publish","type":"post","link":"http:\/\/avernette.org\/index.php\/2025\/07\/02\/devenir-eco-habitant\/","title":{"rendered":"REJOINDRE L&rsquo;AVERNETTE"},"content":{"rendered":"\n<h2 class=\"wp-block-heading has-vivid-cyan-blue-color has-text-color has-link-color wp-elements-4a7bd3cb34ebc5b359a1a5fd085860f3\"><strong><em>Envie d&rsquo; \u00ab\u00a0Habiter autrement\u00a0\u00bb?<\/em><\/strong><\/h2>\n\n\n\n<p class=\"has-vivid-cyan-blue-color has-text-color has-link-color has-medium-font-size wp-elements-9d5a7247c6876d69d84b0391478de4e3\"><strong><em>L\u2019Avernette vous accueille\u2026<\/em><\/strong><strong><em>&nbsp;<\/em><\/strong><\/p>\n\n\n\n<figure class=\"wp-block-gallery has-nested-images columns-default is-cropped wp-block-gallery-1 is-layout-flex wp-block-gallery-is-layout-flex\">\n<figure class=\"wp-block-image size-large\"><img loading=\"lazy\" decoding=\"async\" width=\"1488\" height=\"1488\" data-id=\"220\" src=\"http:\/\/avernette.org\/wp-content\/uploads\/2025\/07\/mairie-26-sept-2024.jpg1_-edited.jpg\" alt=\"\" class=\"wp-image-220\" srcset=\"http:\/\/avernette.org\/wp-content\/uploads\/2025\/07\/mairie-26-sept-2024.jpg1_-edited.jpg 1488w, http:\/\/avernette.org\/wp-content\/uploads\/2025\/07\/mairie-26-sept-2024.jpg1_-edited-300x300.jpg 300w, http:\/\/avernette.org\/wp-content\/uploads\/2025\/07\/mairie-26-sept-2024.jpg1_-edited-1024x1024.jpg 1024w, http:\/\/avernette.org\/wp-content\/uploads\/2025\/07\/mairie-26-sept-2024.jpg1_-edited-150x150.jpg 150w, http:\/\/avernette.org\/wp-content\/uploads\/2025\/07\/mairie-26-sept-2024.jpg1_-edited-768x768.jpg 768w, http:\/\/avernette.org\/wp-content\/uploads\/2025\/07\/mairie-26-sept-2024.jpg1_-edited-100x100.jpg 100w\" sizes=\"auto, (max-width: 767px) 89vw, (max-width: 1000px) 54vw, (max-width: 1071px) 543px, 580px\" \/><\/figure>\n<\/figure>\n\n\n\n<p><strong>Pour habiter autrement<\/strong> en accord avec ses valeurs et ses besoins, en particulier en mati\u00e8re de vie sociale et d\u2019\u00e9cologie, dans un esprit de partages et de solidarit\u00e9s.<\/p>\n\n\n\n<p><strong>Pour construire collectivement un projet d&rsquo;habitat<\/strong> qui convienne aux futur.e.s voisin.e.s : organisation des logements privatifs, espaces communs partag\u00e9s int\u00e9rieurs et ext\u00e9rieurs.<\/p>\n\n\n\n<p><strong>Rejoignez  notre Association l&rsquo;Avernette<\/strong> pour participer \u00e0 la cr\u00e9ation d&rsquo;une coop\u00e9rative d&rsquo;habitants, une voie alternative pour l\u2019acc\u00e8s au logement ouvert \u00e0 toutes et \u00e0 tous, abordable, anti-sp\u00e9culatif, d\u00e9mocratique et citoyen.<\/p>\n\n\n\n<p><strong>Contactez la Commission Accueil de l&rsquo;Avernette<\/strong> pour rencontrer les participant.e.s au projet qui vous guideront dans le processus d&rsquo;int\u00e9gration si l&rsquo;aventure vous convient. Actuellement le groupe s&rsquo;ouvre encore \u00e0 de nouveaux membres. Visant une composition interg\u00e9n\u00e9rationnelle nous attendons plut\u00f4t des jeunes familles avec enfants&#8230;.<\/p>\n\n\n\n<h2 class=\"wp-block-heading has-text-align-right\">Commission Accueil de l&rsquo;Avernette :<\/h2>\n\n\n\n<p class=\"has-text-align-right\">Marie SAVARIT <\/p>\n\n\n\n<p class=\"has-text-align-right\">07 81 82 35 62<\/p>\n\n\n\n<p class=\"has-text-align-right\">avernette@zaclys.net<\/p>\n\n\n\n<figure class=\"wp-block-gallery alignleft has-nested-images columns-default is-cropped wp-block-gallery-2 is-layout-flex wp-block-gallery-is-layout-flex\">\n<figure class=\"wp-block-image size-full\"><img loading=\"lazy\" decoding=\"async\" width=\"1441\" height=\"2560\" data-id=\"380\" src=\"http:\/\/avernette.org\/wp-content\/uploads\/2025\/07\/20250914_102047-2-scaled.jpg\" alt=\"\" class=\"wp-image-380\" srcset=\"http:\/\/avernette.org\/wp-content\/uploads\/2025\/07\/20250914_102047-2-scaled.jpg 1441w, http:\/\/avernette.org\/wp-content\/uploads\/2025\/07\/20250914_102047-2-169x300.jpg 169w\" sizes=\"auto, (max-width: 767px) 89vw, (max-width: 1000px) 54vw, (max-width: 1071px) 543px, 580px\" \/><\/figure>\n<\/figure>\n\n\n\n<h2 class=\"wp-block-heading alignwide has-vivid-cyan-blue-color has-text-color has-link-color wp-elements-ce02ea44197f845cc2e64069fb3da904\" id=\"we-re-a-studio-in-berlin-with-an-international-practice-in-architecture-urban-planning-and-interior-design-we-believe-in-sharing-knowledge-and-promoting-dialogue-to-increase-the-creative-potential-of-collaboration\" style=\"font-size:22px;line-height:1.1\"><strong>Raison d&rsquo;\u00eatre -encours d\u2019actualisation &#8211;<\/strong><\/h2>\n\n\n\n<blockquote class=\"wp-block-quote has-medium-font-size is-layout-flow wp-block-quote-is-layout-flow\">\n<p>\u00ab\u00a0<em>Notre ambition est de cr\u00e9er un lieu de vie interg\u00e9n\u00e9rationnelle, d&rsquo;entraide et de partage de biens mat\u00e9riels et immat\u00e9riels, dans une d\u00e9marche respectueuse de l&rsquo;environnement tout en gardant un \u00e9quilibre entre la sph\u00e8re priv\u00e9e et collective.<\/em>\u00ab\u00a0<\/p>\n\n\n\n<p><\/p>\n<\/blockquote>\n","protected":false},"excerpt":{"rendered":"<p>Envie d&rsquo; \u00ab\u00a0Habiter autrement\u00a0\u00bb? L\u2019Avernette vous accueille\u2026&nbsp; Pour habiter autrement en accord avec ses valeurs et ses besoins, en particulier en mati\u00e8re de vie sociale et d\u2019\u00e9cologie, dans un esprit de partages et de solidarit\u00e9s. Pour construire collectivement un projet d&rsquo;habitat qui convienne aux futur.e.s voisin.e.s : organisation des logements privatifs, espaces communs partag\u00e9s int\u00e9rieurs &hellip; <\/p>\n<p class=\"link-more\"><a href=\"http:\/\/avernette.org\/index.php\/2025\/07\/02\/devenir-eco-habitant\/\" class=\"more-link\">Continuer la lecture<span class=\"screen-reader-text\"> de &laquo;&nbsp;REJOINDRE L&rsquo;AVERNETTE&nbsp;&raquo;<\/span><\/a><\/p>\n","protected":false},"author":1,"featured_media":220,"comment_status":"closed","ping_status":"closed","sticky":false,"template":"","format":"standard","meta":{"footnotes":""},"categories":[4],"tags":[],"class_list":["post-21","post","type-post","status-publish","format-standard","has-post-thumbnail","hentry","category-nous-rejoindre"],"_links":{"self":[{"href":"http:\/\/avernette.org\/index.php\/wp-json\/wp\/v2\/posts\/21","targetHints":{"allow":["GET"]}}],"collection":[{"href":"http:\/\/avernette.org\/index.php\/wp-json\/wp\/v2\/posts"}],"about":[{"href":"http:\/\/avernette.org\/index.php\/wp-json\/wp\/v2\/types\/post"}],"author":[{"embeddable":true,"href":"http:\/\/avernette.org\/index.php\/wp-json\/wp\/v2\/users\/1"}],"replies":[{"embeddable":true,"href":"http:\/\/avernette.org\/index.php\/wp-json\/wp\/v2\/comments?post=21"}],"version-history":[{"count":11,"href":"http:\/\/avernette.org\/index.php\/wp-json\/wp\/v2\/posts\/21\/revisions"}],"predecessor-version":[{"id":460,"href":"http:\/\/avernette.org\/index.php\/wp-json\/wp\/v2\/posts\/21\/revisions\/460"}],"wp:featuredmedia":[{"embeddable":true,"href":"http:\/\/avernette.org\/index.php\/wp-json\/wp\/v2\/media\/220"}],"wp:attachment":[{"href":"http:\/\/avernette.org\/index.php\/wp-json\/wp\/v2\/media?parent=21"}],"wp:term":[{"taxonomy":"category","embeddable":true,"href":"http:\/\/avernette.org\/index.php\/wp-json\/wp\/v2\/categories?post=21"},{"taxonomy":"post_tag","embeddable":true,"href":"http:\/\/avernette.org\/index.php\/wp-json\/wp\/v2\/tags?post=21"}],"curies":[{"name":"wp","href":"https:\/\/api.w.org\/{rel}","templated":true}]}}