{"id":23,"date":"2025-07-02T12:34:48","date_gmt":"2025-07-02T12:34:48","guid":{"rendered":"http:\/\/avernette.org\/?p=23"},"modified":"2025-09-05T13:16:00","modified_gmt":"2025-09-05T13:16:00","slug":"nous-soutenir","status":"publish","type":"post","link":"http:\/\/avernette.org\/index.php\/2025\/07\/02\/nous-soutenir\/","title":{"rendered":"Nous soutenir"},"content":{"rendered":"\n<div class=\"wp-block-media-text is-stacked-on-mobile\" style=\"grid-template-columns:28% auto\"><figure class=\"wp-block-media-text__media\"><img loading=\"lazy\" decoding=\"async\" width=\"612\" height=\"384\" src=\"http:\/\/avernette.org\/wp-content\/uploads\/2025\/07\/Travaux-2.jpg\" alt=\"\" class=\"wp-image-254 size-full\" srcset=\"http:\/\/avernette.org\/wp-content\/uploads\/2025\/07\/Travaux-2.jpg 612w, http:\/\/avernette.org\/wp-content\/uploads\/2025\/07\/Travaux-2-300x188.jpg 300w\" sizes=\"auto, (max-width: 612px) 100vw, 612px\" \/><\/figure><div class=\"wp-block-media-text__content\">\n<p class=\"has-vivid-red-color has-cyan-bluish-gray-background-color has-text-color has-background has-link-color has-medium-font-size wp-elements-fbafaca63976b31e468249ec2a250f5a\"><strong>Page  en construction, merci de votre compr\u00e9hension <\/strong><\/p>\n<\/div><\/div>\n\n\n\n<h1 class=\"wp-block-heading has-vivid-cyan-blue-color has-text-color has-link-color has-medium-font-size wp-elements-5ad4fa163b620b94a050f8467c993292\"><strong>Rejoindre l&rsquo;Avernette comme membre sympathisant <\/strong><\/h1>\n\n\n\n<p>Vous connaissez notre projet, nous nous avez rencontr\u00e9s lors de portes ouvertes, manifestations diverses et notre initiative vous a plu. Vous ne souhaitez pas ou ne souhaitez plus participer \u00e0 l&rsquo;aventure en tant que futur.e habitant.e &#8230; Mais la poursuite du projet vous tient \u00e0 c\u0153ur, vous voulez rester inform\u00e9 de notre actualit\u00e9 et de temps en temps rencontrer le groupe pour \u00e9changer, partager des moments conviviaux, en bref garder le lien avec nous.<\/p>\n\n\n\n<p class=\"has-text-align-right\"><strong>Adh\u00e9rez \u00e0 l&rsquo;Avernette, montant de la cotisation = libre et conscient<\/strong><\/p>\n\n\n\n<h2 class=\"wp-block-heading has-vivid-cyan-blue-color has-text-color has-link-color has-medium-font-size wp-elements-75d54e06d63c4f3834f616e56e6560f5\"><strong>Relayer les informations sur l&rsquo;Avernette<\/strong><\/h2>\n\n\n\n<p>Vous connaissez des personnes qui voudraient s\u2019installer dans la r\u00e9gion et que vous imaginez bien en habitat participatif. Notre groupe est \u00e0 peine complet et nous recherchons d\u00e9sormais des jeunes familles avec enfants.<\/p>\n\n\n\n<p class=\"has-text-align-right\"><strong>Faites connaitre  l&rsquo;Avernette : <a href=\"http:\/\/www.avernette.org\">Avernette.org<\/a> et Fb : <a href=\"https:\/\/www.facebook.com\/profile.php?id=61578577544984\">Avernette coop\u00e9rative d&rsquo;habitants<\/a> <\/strong><\/p>\n\n\n\n<p class=\"has-vivid-cyan-blue-color has-text-color has-link-color has-medium-font-size wp-elements-b1d92637d2f238822a1142649470981f\"><strong>Investir dans la coop\u00e9rative Avernette<\/strong> <\/p>\n\n\n\n<p>Vous souhaitez placer de l&rsquo;argent vers des projets  qui valorisent les initiatives sociales et solidaires. Vous souhaitez aider un type d&rsquo;habitat qui permettra le vieillissement \u00e0 domicile par la mutualisation, l&rsquo;entraide, l&rsquo;attention \u00e0 l&rsquo;autre&#8230; Vous voudriez faire un placement solidaire, qui finance des actions utiles socialement et pr\u00e9servant environnement&#8230;<\/p>\n\n\n\n<p class=\"has-text-align-right\"><strong>Devenez soci\u00e9taire de  l&rsquo;Avernette,  Rdv fin 2025 pour vous en dire plus<\/strong><\/p>\n\n\n\n<p><\/p>\n","protected":false},"excerpt":{"rendered":"<p>Page en construction, merci de votre compr\u00e9hension Rejoindre l&rsquo;Avernette comme membre sympathisant Vous connaissez notre projet, nous nous avez rencontr\u00e9s lors de portes ouvertes, manifestations diverses et notre initiative vous a plu. Vous ne souhaitez pas ou ne souhaitez plus participer \u00e0 l&rsquo;aventure en tant que futur.e habitant.e &#8230; Mais la poursuite du projet vous &hellip; <\/p>\n<p class=\"link-more\"><a href=\"http:\/\/avernette.org\/index.php\/2025\/07\/02\/nous-soutenir\/\" class=\"more-link\">Continuer la lecture<span class=\"screen-reader-text\"> de &laquo;&nbsp;Nous soutenir&nbsp;&raquo;<\/span><\/a><\/p>\n","protected":false},"author":1,"featured_media":0,"comment_status":"closed","ping_status":"closed","sticky":false,"template":"","format":"standard","meta":{"footnotes":""},"categories":[5],"tags":[],"class_list":["post-23","post","type-post","status-publish","format-standard","hentry","category-nous-soutenir"],"_links":{"self":[{"href":"http:\/\/avernette.org\/index.php\/wp-json\/wp\/v2\/posts\/23","targetHints":{"allow":["GET"]}}],"collection":[{"href":"http:\/\/avernette.org\/index.php\/wp-json\/wp\/v2\/posts"}],"about":[{"href":"http:\/\/avernette.org\/index.php\/wp-json\/wp\/v2\/types\/post"}],"author":[{"embeddable":true,"href":"http:\/\/avernette.org\/index.php\/wp-json\/wp\/v2\/users\/1"}],"replies":[{"embeddable":true,"href":"http:\/\/avernette.org\/index.php\/wp-json\/wp\/v2\/comments?post=23"}],"version-history":[{"count":9,"href":"http:\/\/avernette.org\/index.php\/wp-json\/wp\/v2\/posts\/23\/revisions"}],"predecessor-version":[{"id":333,"href":"http:\/\/avernette.org\/index.php\/wp-json\/wp\/v2\/posts\/23\/revisions\/333"}],"wp:attachment":[{"href":"http:\/\/avernette.org\/index.php\/wp-json\/wp\/v2\/media?parent=23"}],"wp:term":[{"taxonomy":"category","embeddable":true,"href":"http:\/\/avernette.org\/index.php\/wp-json\/wp\/v2\/categories?post=23"},{"taxonomy":"post_tag","embeddable":true,"href":"http:\/\/avernette.org\/index.php\/wp-json\/wp\/v2\/tags?post=23"}],"curies":[{"name":"wp","href":"https:\/\/api.w.org\/{rel}","templated":true}]}}