{"id":272,"date":"2025-08-01T14:01:38","date_gmt":"2025-08-01T14:01:38","guid":{"rendered":"http:\/\/avernette.org\/?p=272"},"modified":"2026-01-06T11:16:22","modified_gmt":"2026-01-06T11:16:22","slug":"vu-dans-la-presse","status":"publish","type":"post","link":"http:\/\/avernette.org\/index.php\/2025\/08\/01\/vu-dans-la-presse\/","title":{"rendered":"vu dans la presse :"},"content":{"rendered":"\n<p><mark style=\"background-color:rgba(0, 0, 0, 0)\" class=\"has-inline-color has-vivid-cyan-blue-color\">D\u00e9cembre 2025 : Entre Loire &amp; Maine<\/mark><\/p>\n\n\n\n<figure class=\"wp-block-image size-large\"><img loading=\"lazy\" decoding=\"async\" width=\"668\" height=\"1024\" src=\"http:\/\/avernette.org\/wp-content\/uploads\/2025\/08\/202512-entre-Loire-et-Maine-Jolivetterie-668x1024.png\" alt=\"\" class=\"wp-image-431\" srcset=\"http:\/\/avernette.org\/wp-content\/uploads\/2025\/08\/202512-entre-Loire-et-Maine-Jolivetterie-668x1024.png 668w, http:\/\/avernette.org\/wp-content\/uploads\/2025\/08\/202512-entre-Loire-et-Maine-Jolivetterie-196x300.png 196w, http:\/\/avernette.org\/wp-content\/uploads\/2025\/08\/202512-entre-Loire-et-Maine-Jolivetterie-768x1177.png 768w, http:\/\/avernette.org\/wp-content\/uploads\/2025\/08\/202512-entre-Loire-et-Maine-Jolivetterie.png 831w\" sizes=\"auto, (max-width: 668px) 100vw, 668px\" \/><\/figure>\n\n\n\n<p><\/p>\n\n\n\n<figure class=\"wp-block-image size-full\"><img loading=\"lazy\" decoding=\"async\" width=\"831\" height=\"866\" src=\"http:\/\/avernette.org\/wp-content\/uploads\/2025\/08\/202512-entre-Loire-et-Maine-schema-amenagemet.png\" alt=\"\" class=\"wp-image-432\" srcset=\"http:\/\/avernette.org\/wp-content\/uploads\/2025\/08\/202512-entre-Loire-et-Maine-schema-amenagemet.png 831w, http:\/\/avernette.org\/wp-content\/uploads\/2025\/08\/202512-entre-Loire-et-Maine-schema-amenagemet-288x300.png 288w, http:\/\/avernette.org\/wp-content\/uploads\/2025\/08\/202512-entre-Loire-et-Maine-schema-amenagemet-768x800.png 768w\" sizes=\"auto, (max-width: 767px) 89vw, (max-width: 1000px) 54vw, (max-width: 1071px) 543px, 580px\" \/><\/figure>\n\n\n\n<p><mark style=\"background-color:rgba(0, 0, 0, 0)\" class=\"has-inline-color has-vivid-cyan-blue-color\">Septembre 2025 &#8211; Ouest-France suite aux portes ouvertes<\/mark><\/p>\n\n\n\n<figure class=\"wp-block-image size-full\"><img loading=\"lazy\" decoding=\"async\" width=\"526\" height=\"789\" src=\"http:\/\/avernette.org\/wp-content\/uploads\/2025\/09\/202509-Ouest-France.jpg\" alt=\"\" class=\"wp-image-349\" srcset=\"http:\/\/avernette.org\/wp-content\/uploads\/2025\/09\/202509-Ouest-France.jpg 526w, http:\/\/avernette.org\/wp-content\/uploads\/2025\/09\/202509-Ouest-France-200x300.jpg 200w\" sizes=\"auto, (max-width: 526px) 100vw, 526px\" \/><\/figure>\n\n\n\n<p><\/p>\n\n\n\n<p><mark style=\"background-color:rgba(0, 0, 0, 0)\" class=\"has-inline-color has-vivid-cyan-blue-color\">F\u00e9vrier 2025 : Entre Loire &amp; Maine<\/mark><\/p>\n\n\n\n<figure class=\"wp-block-image size-large\"><img loading=\"lazy\" decoding=\"async\" width=\"720\" height=\"1024\" src=\"http:\/\/avernette.org\/wp-content\/uploads\/2025\/08\/image-1-720x1024.png\" alt=\"\" class=\"wp-image-294\" srcset=\"http:\/\/avernette.org\/wp-content\/uploads\/2025\/08\/image-1-720x1024.png 720w, http:\/\/avernette.org\/wp-content\/uploads\/2025\/08\/image-1-211x300.png 211w, http:\/\/avernette.org\/wp-content\/uploads\/2025\/08\/image-1-768x1093.png 768w, http:\/\/avernette.org\/wp-content\/uploads\/2025\/08\/image-1.png 904w\" sizes=\"auto, (max-width: 720px) 100vw, 720px\" \/><\/figure>\n\n\n\n<p><\/p>\n\n\n\n<h2 class=\"wp-block-heading\"><strong>2024<\/strong><\/h2>\n\n\n\n<h2 class=\"wp-block-heading\"><mark style=\"background-color:rgba(0, 0, 0, 0)\" class=\"has-inline-color has-vivid-cyan-blue-color\">Ouest France 21 novembre<\/mark><\/h2>\n\n\n\n<figure class=\"wp-block-image size-large\"><img loading=\"lazy\" decoding=\"async\" width=\"749\" height=\"1024\" src=\"http:\/\/avernette.org\/wp-content\/uploads\/2025\/08\/Article-F21-novembre-749x1024.jpg\" alt=\"\" class=\"wp-image-337\" srcset=\"http:\/\/avernette.org\/wp-content\/uploads\/2025\/08\/Article-F21-novembre-749x1024.jpg 749w, http:\/\/avernette.org\/wp-content\/uploads\/2025\/08\/Article-F21-novembre-219x300.jpg 219w, http:\/\/avernette.org\/wp-content\/uploads\/2025\/08\/Article-F21-novembre-768x1050.jpg 768w, http:\/\/avernette.org\/wp-content\/uploads\/2025\/08\/Article-F21-novembre.jpg 933w\" sizes=\"auto, (max-width: 706px) 89vw, (max-width: 767px) 82vw, 740px\" \/><\/figure>\n\n\n\n<h2 class=\"wp-block-heading\"><mark style=\"background-color:rgba(0, 0, 0, 0)\" class=\"has-inline-color has-vivid-cyan-blue-color\">Ouest France 12 novembre<\/mark><\/h2>\n\n\n\n<div class=\"wp-block-columns is-layout-flex wp-container-core-columns-is-layout-9d6595d7 wp-block-columns-is-layout-flex\">\n<div class=\"wp-block-column is-layout-flow wp-block-column-is-layout-flow\">\n<figure class=\"wp-block-image size-full\"><img loading=\"lazy\" decoding=\"async\" width=\"608\" height=\"586\" src=\"http:\/\/avernette.org\/wp-content\/uploads\/2025\/08\/Ouest-France-Le-journal-du-12-novembre-20241.png\" alt=\"\" class=\"wp-image-336\" srcset=\"http:\/\/avernette.org\/wp-content\/uploads\/2025\/08\/Ouest-France-Le-journal-du-12-novembre-20241.png 608w, http:\/\/avernette.org\/wp-content\/uploads\/2025\/08\/Ouest-France-Le-journal-du-12-novembre-20241-300x289.png 300w\" sizes=\"auto, (max-width: 608px) 100vw, 608px\" \/><\/figure>\n<\/div>\n<\/div>\n\n\n\n<h2 class=\"wp-block-heading\">2023<\/h2>\n\n\n\n<p><mark style=\"background-color:rgba(0, 0, 0, 0)\" class=\"has-inline-color has-vivid-cyan-blue-color\">D\u00e9cembre 2023 : Entre Loire &amp; Maine<\/mark><\/p>\n\n\n\n<figure class=\"wp-block-image size-full\"><img loading=\"lazy\" decoding=\"async\" width=\"688\" height=\"1012\" src=\"http:\/\/avernette.org\/wp-content\/uploads\/2025\/08\/202312-bilan.png\" alt=\"\" class=\"wp-image-291\" srcset=\"http:\/\/avernette.org\/wp-content\/uploads\/2025\/08\/202312-bilan.png 688w, http:\/\/avernette.org\/wp-content\/uploads\/2025\/08\/202312-bilan-204x300.png 204w\" sizes=\"auto, (max-width: 688px) 100vw, 688px\" \/><\/figure>\n\n\n\n<p><\/p>\n\n\n\n<p><mark style=\"background-color:rgba(0, 0, 0, 0)\" class=\"has-inline-color has-vivid-cyan-blue-color\">D\u00e9cembre 2022 : Entre Loire &amp; Maine<\/mark><\/p>\n\n\n\n<figure class=\"wp-block-image size-full\"><img loading=\"lazy\" decoding=\"async\" width=\"595\" height=\"451\" src=\"http:\/\/avernette.org\/wp-content\/uploads\/2025\/08\/202212-entre-Loire-et-Maine.png\" alt=\"\" class=\"wp-image-290\" srcset=\"http:\/\/avernette.org\/wp-content\/uploads\/2025\/08\/202212-entre-Loire-et-Maine.png 595w, http:\/\/avernette.org\/wp-content\/uploads\/2025\/08\/202212-entre-Loire-et-Maine-300x227.png 300w\" sizes=\"auto, (max-width: 595px) 100vw, 595px\" \/><\/figure>\n\n\n\n<p><\/p>\n\n\n\n<p><mark style=\"background-color:rgba(0, 0, 0, 0)\" class=\"has-inline-color has-vivid-cyan-blue-color\">F\u00e9vrier 2022 : Entre Loire &amp; Main<\/mark>e<\/p>\n\n\n\n<figure class=\"wp-block-image size-full\"><img loading=\"lazy\" decoding=\"async\" width=\"307\" height=\"594\" src=\"http:\/\/avernette.org\/wp-content\/uploads\/2025\/08\/202202-entre-Loire-et-Maine.png\" alt=\"\" class=\"wp-image-287\" srcset=\"http:\/\/avernette.org\/wp-content\/uploads\/2025\/08\/202202-entre-Loire-et-Maine.png 307w, http:\/\/avernette.org\/wp-content\/uploads\/2025\/08\/202202-entre-Loire-et-Maine-155x300.png 155w\" sizes=\"auto, (max-width: 307px) 100vw, 307px\" \/><\/figure>\n\n\n\n<p><\/p>\n\n\n\n<p><mark style=\"background-color:rgba(0, 0, 0, 0)\" class=\"has-inline-color has-vivid-cyan-blue-color\">D\u00e9cembre 2021 : Entre Loire &amp; Maine<\/mark><\/p>\n\n\n\n<figure class=\"wp-block-image size-full\"><img loading=\"lazy\" decoding=\"async\" width=\"408\" height=\"388\" src=\"http:\/\/avernette.org\/wp-content\/uploads\/2025\/08\/202112-entre-Loire-et-Maine.png\" alt=\"\" class=\"wp-image-284\" srcset=\"http:\/\/avernette.org\/wp-content\/uploads\/2025\/08\/202112-entre-Loire-et-Maine.png 408w, http:\/\/avernette.org\/wp-content\/uploads\/2025\/08\/202112-entre-Loire-et-Maine-300x285.png 300w\" sizes=\"auto, (max-width: 408px) 100vw, 408px\" \/><\/figure>\n\n\n\n<p><\/p>\n\n\n\n<p><mark style=\"background-color:rgba(0, 0, 0, 0)\" class=\"has-inline-color has-vivid-cyan-blue-color\">Avril 2021 : Entre Loire &amp; Maine<\/mark><\/p>\n\n\n\n<figure class=\"wp-block-image size-full\"><img loading=\"lazy\" decoding=\"async\" width=\"710\" height=\"1008\" src=\"http:\/\/avernette.org\/wp-content\/uploads\/2025\/08\/202104-entre-Loire-et-Maine-p1.png\" alt=\"\" class=\"wp-image-280\" srcset=\"http:\/\/avernette.org\/wp-content\/uploads\/2025\/08\/202104-entre-Loire-et-Maine-p1.png 710w, http:\/\/avernette.org\/wp-content\/uploads\/2025\/08\/202104-entre-Loire-et-Maine-p1-211x300.png 211w\" sizes=\"auto, (max-width: 710px) 100vw, 710px\" \/><\/figure>\n\n\n\n<figure class=\"wp-block-image size-full\"><img loading=\"lazy\" decoding=\"async\" width=\"711\" height=\"1007\" src=\"http:\/\/avernette.org\/wp-content\/uploads\/2025\/08\/202104-entre-Loire-et-Maine-p2.png\" alt=\"\" class=\"wp-image-282\" srcset=\"http:\/\/avernette.org\/wp-content\/uploads\/2025\/08\/202104-entre-Loire-et-Maine-p2.png 711w, http:\/\/avernette.org\/wp-content\/uploads\/2025\/08\/202104-entre-Loire-et-Maine-p2-212x300.png 212w\" sizes=\"auto, (max-width: 711px) 100vw, 711px\" \/><\/figure>\n\n\n\n<p><mark style=\"background-color:rgba(0, 0, 0, 0)\" class=\"has-inline-color has-vivid-cyan-blue-color\">F\u00e9vrier 2021 : Entre Loire &amp;<\/mark> Maine<\/p>\n\n\n\n<figure class=\"wp-block-image size-large\"><img loading=\"lazy\" decoding=\"async\" width=\"713\" height=\"1024\" src=\"http:\/\/avernette.org\/wp-content\/uploads\/2025\/08\/image-713x1024.png\" alt=\"\" class=\"wp-image-278\" srcset=\"http:\/\/avernette.org\/wp-content\/uploads\/2025\/08\/image-713x1024.png 713w, http:\/\/avernette.org\/wp-content\/uploads\/2025\/08\/image-209x300.png 209w, http:\/\/avernette.org\/wp-content\/uploads\/2025\/08\/image-768x1102.png 768w, http:\/\/avernette.org\/wp-content\/uploads\/2025\/08\/image.png 896w\" sizes=\"auto, (max-width: 713px) 100vw, 713px\" \/><\/figure>\n\n\n\n<p><\/p>\n\n\n\n<p><mark style=\"background-color:rgba(0, 0, 0, 0)\" class=\"has-inline-color has-vivid-cyan-blue-color\">Octobre 2019 : Entre Loire &amp; <\/mark>Maine<\/p>\n\n\n\n<figure class=\"wp-block-image size-full\"><img loading=\"lazy\" decoding=\"async\" width=\"563\" height=\"808\" src=\"http:\/\/avernette.org\/wp-content\/uploads\/2025\/08\/201910-entre-Loire-et-Maine-p1.png\" alt=\"\" class=\"wp-image-273\" srcset=\"http:\/\/avernette.org\/wp-content\/uploads\/2025\/08\/201910-entre-Loire-et-Maine-p1.png 563w, http:\/\/avernette.org\/wp-content\/uploads\/2025\/08\/201910-entre-Loire-et-Maine-p1-209x300.png 209w\" sizes=\"auto, (max-width: 563px) 100vw, 563px\" \/><\/figure>\n\n\n\n<figure class=\"wp-block-image size-full\"><img loading=\"lazy\" decoding=\"async\" width=\"569\" height=\"805\" src=\"http:\/\/avernette.org\/wp-content\/uploads\/2025\/08\/201910-entre-Loire-et-Maine-p2.png\" alt=\"\" class=\"wp-image-274\" srcset=\"http:\/\/avernette.org\/wp-content\/uploads\/2025\/08\/201910-entre-Loire-et-Maine-p2.png 569w, http:\/\/avernette.org\/wp-content\/uploads\/2025\/08\/201910-entre-Loire-et-Maine-p2-212x300.png 212w\" sizes=\"auto, (max-width: 569px) 100vw, 569px\" \/><\/figure>\n\n\n\n<figure class=\"wp-block-image size-full\"><img loading=\"lazy\" decoding=\"async\" width=\"561\" height=\"809\" src=\"http:\/\/avernette.org\/wp-content\/uploads\/2025\/08\/201910-entre-Loire-et-Maine-p3.png\" alt=\"\" class=\"wp-image-275\" srcset=\"http:\/\/avernette.org\/wp-content\/uploads\/2025\/08\/201910-entre-Loire-et-Maine-p3.png 561w, http:\/\/avernette.org\/wp-content\/uploads\/2025\/08\/201910-entre-Loire-et-Maine-p3-208x300.png 208w\" sizes=\"auto, (max-width: 561px) 100vw, 561px\" \/><\/figure>\n","protected":false},"excerpt":{"rendered":"<p>D\u00e9cembre 2025 : Entre Loire &amp; Maine Septembre 2025 &#8211; Ouest-France suite aux portes ouvertes F\u00e9vrier 2025 : Entre Loire &amp; Maine 2024 Ouest France 21 novembre Ouest France 12 novembre 2023 D\u00e9cembre 2023 : Entre Loire &amp; Maine D\u00e9cembre 2022 : Entre Loire &amp; Maine F\u00e9vrier 2022 : Entre Loire &amp; Maine D\u00e9cembre 2021 &hellip; <\/p>\n<p class=\"link-more\"><a href=\"http:\/\/avernette.org\/index.php\/2025\/08\/01\/vu-dans-la-presse\/\" class=\"more-link\">Continuer la lecture<span class=\"screen-reader-text\"> de &laquo;&nbsp;vu dans la presse :&nbsp;&raquo;<\/span><\/a><\/p>\n","protected":false},"author":1,"featured_media":0,"comment_status":"open","ping_status":"open","sticky":false,"template":"","format":"standard","meta":{"footnotes":""},"categories":[10],"tags":[],"class_list":["post-272","post","type-post","status-publish","format-standard","hentry","category-vu-dans-la-presse"],"_links":{"self":[{"href":"http:\/\/avernette.org\/index.php\/wp-json\/wp\/v2\/posts\/272","targetHints":{"allow":["GET"]}}],"collection":[{"href":"http:\/\/avernette.org\/index.php\/wp-json\/wp\/v2\/posts"}],"about":[{"href":"http:\/\/avernette.org\/index.php\/wp-json\/wp\/v2\/types\/post"}],"author":[{"embeddable":true,"href":"http:\/\/avernette.org\/index.php\/wp-json\/wp\/v2\/users\/1"}],"replies":[{"embeddable":true,"href":"http:\/\/avernette.org\/index.php\/wp-json\/wp\/v2\/comments?post=272"}],"version-history":[{"count":17,"href":"http:\/\/avernette.org\/index.php\/wp-json\/wp\/v2\/posts\/272\/revisions"}],"predecessor-version":[{"id":433,"href":"http:\/\/avernette.org\/index.php\/wp-json\/wp\/v2\/posts\/272\/revisions\/433"}],"wp:attachment":[{"href":"http:\/\/avernette.org\/index.php\/wp-json\/wp\/v2\/media?parent=272"}],"wp:term":[{"taxonomy":"category","embeddable":true,"href":"http:\/\/avernette.org\/index.php\/wp-json\/wp\/v2\/categories?post=272"},{"taxonomy":"post_tag","embeddable":true,"href":"http:\/\/avernette.org\/index.php\/wp-json\/wp\/v2\/tags?post=272"}],"curies":[{"name":"wp","href":"https:\/\/api.w.org\/{rel}","templated":true}]}}