{"id":454,"date":"2026-02-10T20:58:38","date_gmt":"2026-02-10T20:58:38","guid":{"rendered":"http:\/\/avernette.org\/?p=454"},"modified":"2026-02-12T20:04:51","modified_gmt":"2026-02-12T20:04:51","slug":"le-projet-lavernette","status":"publish","type":"post","link":"http:\/\/avernette.org\/index.php\/2026\/02\/10\/le-projet-lavernette\/","title":{"rendered":"Le projet l&rsquo;Avernette"},"content":{"rendered":"\n<p>\ud83c\udf31 LE PROJET<\/p>\n\n\n\n<p>Une autre fa\u00e7on d\u2019habiter<\/p>\n\n\n\n<p>L\u2019Avernette est lanc\u00e9&nbsp; \u00e0 partir d\u2019un groupe d\u2019habitant.e.s de M\u00fbrs-Erign\u00e9 en 2018\/2019<strong>.<\/strong><\/p>\n\n\n\n<p>N\u00e9e d\u2019une envie commune : construire un lieu de vie o\u00f9 les relations humaines comptent autant que les murs. L\u2019habitat devient un support de lien social et d\u2019entraide choisie.<\/p>\n\n\n\n<p>L\u2019Avernette est un projet d\u2019habitat participatif en coop\u00e9rative d\u2019habitants, port\u00e9 par l\u2019association de pr\u00e9figuration du m\u00eame nom, situ\u00e9 \u00e0 Sainte\u2011Gemmes\u2011sur\u2011Loire (ZAC de la Jolivetterie). Il vise la cr\u00e9ation d\u2019environ douze logements en r\u00e9sidence principale, compl\u00e9t\u00e9s par des espaces communs mutualis\u00e9s, con\u00e7us et g\u00e9r\u00e9s collectivement par les habitant\u00b7e\u00b7s.<\/p>\n\n\n\n<p>Le projet s\u2019inscrit dans une d\u00e9marche non sp\u00e9culative, solidaire et durable. Il repose sur des valeurs fortes : entraide, participation citoyenne, inclusion sociale, respect du vivant et ouverture sur le territoire. D\u00e8s l\u2019origine, le groupe s\u2019est constitu\u00e9 autour d\u2019une diversit\u00e9 d\u2019\u00e2ges, de parcours professionnels et de situations de vie, faisant de la mixit\u00e9 interg\u00e9n\u00e9rationnelle un pilier central du projet.<\/p>\n\n\n\n<p>Nous voulons prouver qu\u2019il est possible de :<\/p>\n\n\n\n<ul class=\"wp-block-list\">\n<li>habiter autrement que \u00ab\u00a0chacun chez soi et pour soi\u00a0\u00bb<\/li>\n\n\n\n<li>r\u00e9duire les co\u00fbts par la mutualisation<\/li>\n\n\n\n<li>cr\u00e9er des solidarit\u00e9s de proximit\u00e9<\/li>\n\n\n\n<li>vivre dans un cadre \u00e9cologique et convivial<\/li>\n<\/ul>\n\n\n\n<div class=\"wp-block-group\"><div class=\"wp-block-group__inner-container is-layout-constrained wp-block-group-is-layout-constrained\">\n<p>Ici, chacun aura son logement\u2026 et tout un monde en commun :<br>salle collective, jardin, atelier, chambre d\u2019amis, outils, id\u00e9es, entraide.<br>Parce que mutualiser des espaces et des ressources, c\u2019est r\u00e9duire les co\u00fbts, l\u2019empreinte \u00e9cologique et l\u2019isolement. Et surtout, c\u2019est faire soci\u00e9t\u00e9 \u00e0 petite \u00e9chelle.<\/p>\n\n\n\n<p>L&rsquo;Avernette n\u2019est ni une r\u00e9sidence classique ni un programme immobilier.<br>C\u2019est un projet <strong>coop\u00e9ratif, non sp\u00e9culatif et d\u00e9mocratique<\/strong> :<br>une personne = une voix.<br>On d\u00e9cide ensemble, on construit ensemble, on innove ensemble.<\/p>\n\n\n\n<p>Nous d\u00e9fendons une mani\u00e8re d\u2019habiter :<\/p>\n\n\n\n<ul class=\"wp-block-list\">\n<li>interg\u00e9n\u00e9rationnelle, o\u00f9 les \u00e2ges se croisent et s\u2019enrichissent<\/li>\n\n\n\n<li>solidaire, fond\u00e9e sur l\u2019entraide choisie et la confiance<\/li>\n\n\n\n<li>ouverte sur le quartier, connect\u00e9e au territoire<\/li>\n\n\n\n<li><strong>\u00e9cologique et sobre, <\/strong>gr\u00e2ce \u00e0 la mutualisation<\/li>\n\n\n\n<li>accessible, hors logique de sp\u00e9culation immobili\u00e8re<\/li>\n<\/ul>\n\n\n\n<p>Avernette est une aventure collective commenc\u00e9e il y a plusieurs ann\u00e9es.<br>Aujourd\u2019hui, elle devient un lieu r\u00e9el, ancr\u00e9 dans son territoire, port\u00e9 par un groupe engag\u00e9 et soutenu par des partenaires publics et associatifs.<\/p>\n\n\n\n<p>Rejoindre ou soutenir L&rsquo;Avernette, c\u2019est faire le choix d\u2019un habitat qui cr\u00e9e du lien, partage les ressources et r\u00e9invente le vivre-ensemble.<br><\/p>\n<\/div><\/div>\n\n\n\n<p><\/p>\n","protected":false},"excerpt":{"rendered":"<p>\ud83c\udf31 LE PROJET Une autre fa\u00e7on d\u2019habiter L\u2019Avernette est lanc\u00e9&nbsp; \u00e0 partir d\u2019un groupe d\u2019habitant.e.s de M\u00fbrs-Erign\u00e9 en 2018\/2019. N\u00e9e d\u2019une envie commune : construire un lieu de vie o\u00f9 les relations humaines comptent autant que les murs. L\u2019habitat devient un support de lien social et d\u2019entraide choisie. L\u2019Avernette est un projet d\u2019habitat participatif en &hellip; <\/p>\n<p class=\"link-more\"><a href=\"http:\/\/avernette.org\/index.php\/2026\/02\/10\/le-projet-lavernette\/\" class=\"more-link\">Continuer la lecture<span class=\"screen-reader-text\"> de &laquo;&nbsp;Le projet l&rsquo;Avernette&nbsp;&raquo;<\/span><\/a><\/p>\n","protected":false},"author":2,"featured_media":0,"comment_status":"open","ping_status":"open","sticky":false,"template":"","format":"standard","meta":{"footnotes":""},"categories":[11],"tags":[],"class_list":["post-454","post","type-post","status-publish","format-standard","hentry","category-le-projet-de-lavernette"],"_links":{"self":[{"href":"http:\/\/avernette.org\/index.php\/wp-json\/wp\/v2\/posts\/454","targetHints":{"allow":["GET"]}}],"collection":[{"href":"http:\/\/avernette.org\/index.php\/wp-json\/wp\/v2\/posts"}],"about":[{"href":"http:\/\/avernette.org\/index.php\/wp-json\/wp\/v2\/types\/post"}],"author":[{"embeddable":true,"href":"http:\/\/avernette.org\/index.php\/wp-json\/wp\/v2\/users\/2"}],"replies":[{"embeddable":true,"href":"http:\/\/avernette.org\/index.php\/wp-json\/wp\/v2\/comments?post=454"}],"version-history":[{"count":3,"href":"http:\/\/avernette.org\/index.php\/wp-json\/wp\/v2\/posts\/454\/revisions"}],"predecessor-version":[{"id":464,"href":"http:\/\/avernette.org\/index.php\/wp-json\/wp\/v2\/posts\/454\/revisions\/464"}],"wp:attachment":[{"href":"http:\/\/avernette.org\/index.php\/wp-json\/wp\/v2\/media?parent=454"}],"wp:term":[{"taxonomy":"category","embeddable":true,"href":"http:\/\/avernette.org\/index.php\/wp-json\/wp\/v2\/categories?post=454"},{"taxonomy":"post_tag","embeddable":true,"href":"http:\/\/avernette.org\/index.php\/wp-json\/wp\/v2\/tags?post=454"}],"curies":[{"name":"wp","href":"https:\/\/api.w.org\/{rel}","templated":true}]}}